{"id":500,"date":"2022-04-11T08:07:58","date_gmt":"2022-04-11T05:07:58","guid":{"rendered":"http:\/\/www.college-chiconi.fr\/cahweb\/?p=500"},"modified":"2022-04-11T09:12:04","modified_gmt":"2022-04-11T06:12:04","slug":"mayotte-et-sa-jeunesse-dans-la-violence","status":"publish","type":"post","link":"http:\/\/www.college-chiconi.fr\/cahweb\/2022\/04\/11\/mayotte-et-sa-jeunesse-dans-la-violence\/","title":{"rendered":"Mayotte et sa jeunesse dans la violence"},"content":{"rendered":"<p style=\"text-align: justify;\"><em>Le lundi 28 mars, l\u2019\u00e9quipe de la gendarmerie de Mayotte et le service civique de la MPF (maison de protection des familles) de Mayotte ont fait une intervention au coll\u00e8ge, afin de sensibiliser les \u00e9l\u00e8ves de 3eme aux violences et aux addictions; des violences verbales, morales, sexuelles et physiques qui sont de plus en plus fr\u00e9quentes aujourd\u2019hui \u00e0 Mayotte, comme le caillassage de voitures, les viols et les agressions sexuelles entre conjoints, hors mariage, dans les institutions religieuses, dans la famille et \u00e0 l\u2019\u00e9cole. Les victimes sont majoritairement des jeunes filles sur Mayotte (99%). Le harc\u00e8lement (violences r\u00e9p\u00e9titives) scolaire sur les plus jeunes et les plus faibles dans les \u00e9coles, dans le village, ainsi que le cyberharc\u00e8lement ou la cyberviolence (violences r\u00e9p\u00e9titives sur les r\u00e9seaux) nous atteignent.<\/em><!--more--><\/p>\n<h4 style=\"text-align: justify;\"><span style=\"color: #0000ff;\">Une solution\u00a0: la sensibilisation<\/span><\/h4>\n<p style=\"text-align: justify;\"><img loading=\"lazy\" class=\"wp-image-502 size-medium alignright\" src=\"http:\/\/www.college-chiconi.fr\/cahweb\/wp-content\/uploads\/2022\/04\/20220405_100008-2-300x200.jpg\" alt=\"\" width=\"300\" height=\"200\" srcset=\"http:\/\/www.college-chiconi.fr\/cahweb\/wp-content\/uploads\/2022\/04\/20220405_100008-2-300x200.jpg 300w, http:\/\/www.college-chiconi.fr\/cahweb\/wp-content\/uploads\/2022\/04\/20220405_100008-2-1024x682.jpg 1024w, http:\/\/www.college-chiconi.fr\/cahweb\/wp-content\/uploads\/2022\/04\/20220405_100008-2-768x512.jpg 768w, http:\/\/www.college-chiconi.fr\/cahweb\/wp-content\/uploads\/2022\/04\/20220405_100008-2-1536x1024.jpg 1536w, http:\/\/www.college-chiconi.fr\/cahweb\/wp-content\/uploads\/2022\/04\/20220405_100008-2-2048x1365.jpg 2048w\" sizes=\"(max-width: 300px) 100vw, 300px\" \/>Cette pr\u00e9vention aupr\u00e8s des \u00e9l\u00e8ves et des plus petits permet une sensibilisation \u00e0 des violences devenues journali\u00e8res et presque coutumi\u00e8res sur l\u2019\u00eele aux parfums. Nos richesses touristiques comme le mont Choungui, la \u00ab\u00a0Passe en S\u00a0\u00bb ou encore les \u00eelots se retrouvent entach\u00e9es par ce ph\u00e9nom\u00e8ne. Mais, l\u2019information principale de l\u2019intervention \u00e9tait ax\u00e9e sur la violence sexuelle, sujet d\u2019actualit\u00e9 par le biais d\u2019une vid\u00e9o \u00ab\u00a0revenge porn\u00a0\u00bb qui circule activement sur les r\u00e9seaux sociaux. Afin de nous mettre en garde contre ces comportements et la diffusion de vid\u00e9os pornographiques infantiles, les sanctions p\u00e9nales ont \u00e9t\u00e9 expos\u00e9es, car, m\u00eame en \u00e9tant mineur, nous sommes responsables de nos actes et devons en assumer la responsabilit\u00e9. Ces derni\u00e8res peuvent prendre la forme d\u2019amendes et de mesures \u00e9ducatives, comme le placement dans des familles d\u2019accueil, l\u2019obligation de suivre un stage de sensibilisation plut\u00f4t que la prison en fonction de l\u2019\u00e2ge, de la gravit\u00e9 du d\u00e9lit commis et de la situation pour les mineurs.<\/p>\n<h4 style=\"text-align: justify;\"><span style=\"color: #0000ff;\">La cause\u00a0: l\u2019addiction\u00a0?<\/span><\/h4>\n<p style=\"text-align: justify;\">Mais la jeunesse mahoraise sombre de plus en plus dans des addictions comme la drogue, la \u00ab\u00a0chimique\u00a0\u00bb et l\u2019alcool, cercles vicieux dont il est parfois tr\u00e8s difficile de sortir, ce qui la pousse \u00e0 agir de mani\u00e8re violente envers leur prochain et serait souvent la cause des viols, des agressions physiques et sexuelles. Sur l\u2019\u00eele, nous vivons presque tous dans la crainte de la d\u00e9linquance et des armes. Pour y faire face et att\u00e9nuer ces violences r\u00e9p\u00e9titives, la population mahoraise se sent dans l\u2019obligation d\u2019y r\u00e9pondre, cr\u00e9ant ainsi une escalade.<\/p>\n<p style=\"text-align: justify;\">Les atouts de Mayotte, comme le lagon, les plages de sables fins, le r\u00e9cif coralien et la faune aquatique, sont mis au second plan derri\u00e8re cette explosion de violences et de d\u00e9linquance, faisant de l\u2019\u00eele aux parfums une zone de non-droit. Les plus d\u00e9munis, ainsi que les mineurs isol\u00e9s, se regroupent de plus en plus en bandes, souvent rivales, et se livrent \u00e0 des s\u00e9ries de violences entre elles, mais \u00e9galement contre l\u2019ensemble de la population. Ainsi ces principales causes cachent le vrai visage de Mayotte.<\/p>\n<p style=\"text-align: right;\">Na\u00efma<\/p>\n","protected":false},"excerpt":{"rendered":"<p>Le lundi 28 mars, l\u2019\u00e9quipe de la gendarmerie de Mayotte et le service civique de la MPF (maison de protection des familles) de Mayotte ont fait une intervention au coll\u00e8ge, afin de sensibiliser les \u00e9l\u00e8ves de 3eme aux violences et aux addictions; des violences verbales, morales, sexuelles et physiques qui sont de plus en plus [&hellip;]<\/p>\n","protected":false},"author":1,"featured_media":0,"comment_status":"closed","ping_status":"closed","sticky":false,"template":"","format":"standard","meta":[],"categories":[6],"tags":[],"_links":{"self":[{"href":"http:\/\/www.college-chiconi.fr\/cahweb\/wp-json\/wp\/v2\/posts\/500"}],"collection":[{"href":"http:\/\/www.college-chiconi.fr\/cahweb\/wp-json\/wp\/v2\/posts"}],"about":[{"href":"http:\/\/www.college-chiconi.fr\/cahweb\/wp-json\/wp\/v2\/types\/post"}],"author":[{"embeddable":true,"href":"http:\/\/www.college-chiconi.fr\/cahweb\/wp-json\/wp\/v2\/users\/1"}],"replies":[{"embeddable":true,"href":"http:\/\/www.college-chiconi.fr\/cahweb\/wp-json\/wp\/v2\/comments?post=500"}],"version-history":[{"count":6,"href":"http:\/\/www.college-chiconi.fr\/cahweb\/wp-json\/wp\/v2\/posts\/500\/revisions"}],"predecessor-version":[{"id":520,"href":"http:\/\/www.college-chiconi.fr\/cahweb\/wp-json\/wp\/v2\/posts\/500\/revisions\/520"}],"wp:attachment":[{"href":"http:\/\/www.college-chiconi.fr\/cahweb\/wp-json\/wp\/v2\/media?parent=500"}],"wp:term":[{"taxonomy":"category","embeddable":true,"href":"http:\/\/www.college-chiconi.fr\/cahweb\/wp-json\/wp\/v2\/categories?post=500"},{"taxonomy":"post_tag","embeddable":true,"href":"http:\/\/www.college-chiconi.fr\/cahweb\/wp-json\/wp\/v2\/tags?post=500"}],"curies":[{"name":"wp","href":"https:\/\/api.w.org\/{rel}","templated":true}]}}