{"id":506,"date":"2022-04-11T09:10:33","date_gmt":"2022-04-11T06:10:33","guid":{"rendered":"http:\/\/www.college-chiconi.fr\/cahweb\/?p=506"},"modified":"2022-04-11T09:12:25","modified_gmt":"2022-04-11T06:12:25","slug":"violences-et-addictions-une-intervention-pour-sensibiliser-les-eleves","status":"publish","type":"post","link":"http:\/\/www.college-chiconi.fr\/cahweb\/2022\/04\/11\/violences-et-addictions-une-intervention-pour-sensibiliser-les-eleves\/","title":{"rendered":"Violences et addictions\u00a0: une intervention pour sensibiliser les \u00e9l\u00e8ves"},"content":{"rendered":"<p style=\"text-align: justify;\"><em>Ces deux derni\u00e8res semaines, un officier de la gendarmerie et sa coll\u00e8gue du service civique de la Maison de Protection des familles (MFP) de Mayotte, ont \u00e9t\u00e9 invit\u00e9s dans notre coll\u00e8ge, suite \u00e0 une demande de l&rsquo;\u00e9tablissement lors du dernier Comit\u00e9 d&rsquo;\u00e9ducation \u00e0 la sant\u00e9, \u00e0 la citoyennet\u00e9 et \u00e0 l&rsquo;environnement (CESCE), pour organiser des interventions aupr\u00e8s des \u00e9l\u00e8ves de 3<sup>\u00e8me<\/sup> et de 5<sup>\u00e8me<\/sup>. Cette pr\u00e9vention avait pour but de mettre en garde, sensibiliser les \u00e9l\u00e8ves sur les violences, les cyberviolences, le harc\u00e8lement et le cyberharc\u00e8lement.<\/em><\/p>\n<p style=\"text-align: justify;\">Une intervention pourra-t-elle changer la vision des \u00e9l\u00e8ves ?<!--more--><\/p>\n<p style=\"text-align: justify;\">Le CESCE est un comit\u00e9 qui est pr\u00e9sent dans chaque \u00e9tablissement scolaire. Celui-ci est pr\u00e9sid\u00e9 par le chef d&rsquo;\u00e9tablissementet peut comprendre des repr\u00e9sentants du personnel, des \u00e9l\u00e8ves, des parents, des conseillers principaux d\u2019\u00e9ducation (CPE),\u00a0 l&rsquo;infirmi\u00e8re et l&rsquo;assistant(e) social(e) de l&rsquo;\u00e9tablissement. A chaque d\u00e9but d&rsquo;ann\u00e9e scolaire et durant celle-ci, la direction organise un conseil durant lequel les membres du CESCE se r\u00e9unissent et r\u00e9fl\u00e9chissent \u00e0 des actions \u00e0 mettre en place concernant la sant\u00e9, la citoyennet\u00e9 et de l&rsquo;environnement pour l&rsquo;\u00e9ducation et le bien-\u00eatre des \u00e9l\u00e8ves. Durant un conseil de d\u00e9but d&rsquo;ann\u00e9e scolaire, plusieurs propositions ont \u00e9t\u00e9 faites, dont des interventions sur le harc\u00e8lement. Le CESCE a fait des demandes aupr\u00e8s de certaines association et organismes. Mais pour qu&rsquo;il y ait une intervention, tout d\u00e9pendait de la r\u00e9ponse et du temps disponible de l&rsquo;intervenant. Certaines demandes sont toujours en cours de traitement. Une de ces demandes s\u2019adressait \u00e0 la MPF de Mayotte dont les intervenants font partie de la Brigade de Pr\u00e9vention de la D\u00e9linquance Juv\u00e9nile (BPDJ).<\/p>\n<h4 style=\"text-align: justify;\"><span style=\"color: #0000ff;\">L&rsquo;intervention de la BPDJ<\/span><\/h4>\n<p style=\"text-align: justify;\"><img loading=\"lazy\" class=\"wp-image-502 size-medium alignleft\" src=\"http:\/\/www.college-chiconi.fr\/cahweb\/wp-content\/uploads\/2022\/04\/20220405_100008-2-300x200.jpg\" alt=\"\" width=\"300\" height=\"200\" srcset=\"http:\/\/www.college-chiconi.fr\/cahweb\/wp-content\/uploads\/2022\/04\/20220405_100008-2-300x200.jpg 300w, http:\/\/www.college-chiconi.fr\/cahweb\/wp-content\/uploads\/2022\/04\/20220405_100008-2-1024x682.jpg 1024w, http:\/\/www.college-chiconi.fr\/cahweb\/wp-content\/uploads\/2022\/04\/20220405_100008-2-768x512.jpg 768w, http:\/\/www.college-chiconi.fr\/cahweb\/wp-content\/uploads\/2022\/04\/20220405_100008-2-1536x1024.jpg 1536w, http:\/\/www.college-chiconi.fr\/cahweb\/wp-content\/uploads\/2022\/04\/20220405_100008-2-2048x1365.jpg 2048w\" sizes=\"(max-width: 300px) 100vw, 300px\" \/>Il avait \u00e9t\u00e9 convenu que l&rsquo;intervention de la BPDJ ne serait destin\u00e9e qu\u2019aux \u00e9l\u00e8ves de 5<sup>\u00e8me<\/sup> et 3<sup>\u00e8me<\/sup> de cette ann\u00e9e 2022. Dans cette intervention, les th\u00e8mes de la violence, du harc\u00e8lement et des risques encourus ont \u00e9t\u00e9 abord\u00e9s, ainsi que la cyberviolence et le cyberharc\u00e8lement qui, avec le d\u00e9veloppement d\u2019Internet, se font de plus en plus nombreux. Pour la jeunesse, Internet est devenu un outil du quotidien. Les risques encourus si nous participons \u00e0 l&rsquo;un de ces actes et comment aider les victimes sont \u00e9galement des th\u00e8mes abord\u00e9s lors de ces interventions. Ces derni\u00e8res ont eu lieu le mardi 28 mars et le mardi 5 avril pour les 3<sup>\u00e8me<\/sup> et le jeudi 31 mars et le mardi 5 avril pour les 5<sup>\u00e8me<\/sup>. \u00a0Les agents de la BPDJ et leurs coll\u00e8gues de la MPF ont expliqu\u00e9 ce qu&rsquo;est la pr\u00e9vention : \u00ab\u00a0<em>Une pr\u00e9vention est l&rsquo;ensemble de mesures visant \u00e0 \u00e9viter ou r\u00e9duire le nombre et la gravit\u00e9 des maladies, des accidents et du handicap<\/em>\u00ab\u00a0, selon l&rsquo;Organisation mondiale de la sant\u00e9 (OMS) en 1948. Le but \u00e9tait la sensibilisation et la mise en garde des \u00e9l\u00e8ves sur la violence, la cyberviolence, le harc\u00e8lement et le cyberharc\u00e8lement, ainsi que l&rsquo;aide que nous pouvons apporter aux victimes.\u00a0Les interventions des 5<sup>\u00e8me<\/sup> avaient pour th\u00e8me \u00ab\u00a0les droits et devoirs des enfants et la pr\u00e9vention des violences\u00a0\u00bb et celles des 3<sup>\u00e8me<\/sup>, \u00ab\u00a0comprendre la justice, le droit (risques encourus, cons\u00e9quences) et la pr\u00e9vention de la violence\u00a0\u00bb.<\/p>\n<h4 style=\"text-align: justify;\"><span style=\"color: #0000ff;\">Et l\u2019\u00eele aux parfums dans tout \u00e7a\u00a0?<\/span><\/h4>\n<p style=\"text-align: justify;\">Durant ces temps d\u2019\u00e9changes, les intervenants ont tent\u00e9 de nous faire prendre conscience que peu d\u2019\u00e9l\u00e8ves mahorais connaissent r\u00e9ellement leur \u00eele. Mayotte a beaucoup d&rsquo;atouts, mais, \u00e0 cause de la violence qui circule en ce moment, les touristes voient uniquement les mauvais c\u00f4t\u00e9s de l\u2019\u00eele aux lagons. Les diff\u00e9rentes formes de violence et d&rsquo;harc\u00e8lement nous ont \u00e9t\u00e9 expos\u00e9es : verbales, morales, sexuelles, physiques et cyber. Ils nous ont parl\u00e9 des armes aussi : \u00ab\u00a0<em>une arme est tout objet con\u00e7u pour tuer ou blesser<\/em>\u00ab\u00a0, a ajout\u00e9 le gendarme, avant de nous mettre en garde sur la responsabilit\u00e9 p\u00e9nale et de la Loi. \u00ab\u00a0<em>Ici, il y a ce qu&rsquo;on appelle le discernement. Les mineurs capables de discernement sont p\u00e9nalement responsables de leurs actes. Le discernement, c&rsquo;est le fait de pouvoir faire la diff\u00e9rence entre le bien et le mal. Donc en gros, il n\u2019y a pas d&rsquo;\u00e2ge<\/em>\u00a0\u00bb expliqua le gendarme. Il continua en nous parlant des amendes et de la dur\u00e9e d\u00a0\u00bbemprisonnement que nous risquons, si nous participons \u00e0 l&rsquo;un de ces actes.<\/p>\n<p style=\"text-align: justify;\">Enfin, les intervenants nous ont expliqu\u00e9 comment ne plus subir le harc\u00e8lement et comment aider les victimes. \u00ab\u00a0<em>Pour ceux qui aiment filmer les personnes qui se font harceler ou violenter. Les jeunes, avant de filmer, mettez-vous \u00e0 la place de la personne qui subit \u00e7a. Et demandez-vous si, \u00e0 sa place, est-ce que vous aimeriez qu\u2019on vous aide ou pas<\/em>.\u00a0\u00bb Cette prise de conscience a beaucoup fait r\u00e9fl\u00e9chir les \u00e9l\u00e8ves. Suite \u00e0 de nombreux retours positifs venant des \u00e9l\u00e8ves, nous pourrions esp\u00e9rer un vrai changement dans ce coll\u00e8ge.<\/p>\n<p>&nbsp;<\/p>\n<p style=\"text-align: justify;\">Pour les \u00e9l\u00e8ves qui subissent ce genre de chose, n&rsquo;h\u00e9sitez pas \u00e0 en parler \u00e0 des adultes ou \u00e0 des proches. \u00ab\u00a0<em>Lib\u00e9rer la parole, ne pas avoir honte. Et il ne faut pas h\u00e9siter \u00e0 en parler aux adultes, afin de trouver des solutions pour \u00e9viter que cela n\u2019empire, et d\u00e8s le d\u00e9but, pour \u00e9viter que \u00e7a ne devienne trop important<\/em>\u00a0\u00bb conseille Mr Pothin, CPE de l\u2019\u00e9tablissement.<\/p>\n<p style=\"text-align: justify;\"><em>\u200b<\/em><em>\u00ab\u00a0Cette intervention, c&rsquo;est une tr\u00e8s bonne chose. De toute fa\u00e7on, la pr\u00e9vention, on essaie de la faire au\u00a0quotidien\u00a0avec les \u00e9l\u00e8ves\u00a0\u00bb<\/em>\u00a0ajoute Mme Levis, CPE de l\u2019\u00e9tablissement. D&rsquo;autres interventions seront pr\u00e9vues dans l\u2019avenir. Le dernier CESCE a eu lieu le 21 f\u00e9vrier 2022 et est toujours en attente d\u2019une r\u00e9ponse de la part de la Protection Judiciaire de la Jeunesse <em>(<\/em>PJJ).<\/p>\n<p style=\"text-align: right;\">Josie<\/p>\n<p style=\"text-align: justify;\">\u200b<span style=\"text-decoration: underline;\">Sources<\/span> :<br \/>\nMme Levis, CPE au coll\u00e8ge Ali Halidi de Chiconi<br \/>\nMr Pothin, CPE au coll\u00e8ge Ali Halidi de Chiconi<br \/>\n<a href=\"https:\/\/www.ih2ef.gouv.fr\/comite-deducation-la-sante-et-la-citoyennete-cesc\" class=\"external\" rel=\"nofollow\">Comit\u00e9 d&rsquo;\u00e9ducation \u00e0 la sant\u00e9 et \u00e0 la citoyennet\u00e9 (CESC) (ih2ef.gouv.fr)<\/a><\/p>\n<hr \/>\n<p style=\"text-align: justify;\">Et voici quelques commentaires des \u00e9l\u00e8ves concern\u00e9s vis \u00e0 vis de ces interventions :<\/p>\n<ul>\n<li style=\"text-align: justify;\"><em>\u00ab\u00a0\u00c7a s&rsquo;est bien pass\u00e9, presque tout le monde a \u00e9cout\u00e9. Ces derni\u00e8res ann\u00e9es, je vois que le coll\u00e8ge a chang\u00e9, mais pas trop. Car avant il y en avait qui amenait des armes\u00a0\u00bb\u00a0<\/em>commente d&rsquo;une \u00e9l\u00e8ve de 3<sup>\u00e8me<\/sup>.<\/li>\n<li style=\"text-align: justify;\">\u200b\u00a0\u00bb<em>Moi je trouve que l&rsquo;intervention de la gendarmerie \u00e9tait importante, pour nous apprendre les choses \u00e0 faire ou \u00e0 ne pas faire, savoir comment r\u00e9agir. Et \u00e7a a \u00e9t\u00e9 utile, m\u00eame si je sais que \u00e7a a \u00e9t\u00e9 quasi fait \u00e0 toutes les classes, \u00e7a ne va pas changer \u00e0 ce qui se passe maintenant. Parce que m\u00eame s\u2019ils disent que s\u2019il y a une bagarre et qu&rsquo;on doit aller pr\u00e9venir les gens, ils continueront toujours \u00e0 venir autour et \u00e0 crier &lt;&lt;iy\u00e9 iy\u00e9&gt;&gt;. <\/em><span style=\"color: #3366ff;\"><em>A ton avis, est-ce que les autres personnes vont changer leur vision des choses gr\u00e2ce \u00e0 cette intervention ? <\/em><\/span><em>Moi, je dis que tout d\u00e9pend des gens, si les gens veulent \u00e9couter et y croire. Si j&rsquo;ai un conseil, \u00e7a serait que si on veut que les chose qui se passent actuellement changent, bah il s&rsquo;agirait de r\u00e9agir et de ne pas juste regarder<\/em>\u00a0\u00bb commente Luna en 5<sup>\u00e8me<\/sup>.<\/li>\n<li style=\"text-align: justify;\">\u00ab\u00a0<em>Moi, j&rsquo;ai trouv\u00e9 la s\u00e9ance tr\u00e8s bien, elle nous a appris beaucoup de choses et elle a permis aux \u00e9l\u00e8ves de se remettre en question sur ce qu&rsquo;ils font<\/em>\u00ab\u00a0, commente une \u00e9l\u00e8ve de 3<sup>\u00e8me<\/sup>.<\/li>\n<li style=\"text-align: justify;\">\u00ab\u00a0<em>Je trouve que c&rsquo;\u00e9tait int\u00e9ressant, ils ont donn\u00e9 de bons conseils \u00e0 nous les \u00e9l\u00e8ves, je respecte bien ce qu&rsquo;ils disent.\u00a0<\/em><em><span style=\"color: #3366ff;\">Penses-tu qu&rsquo;il y aura une am\u00e9lioration gr\u00e2ce\u00a0\u00e0 \u00e7a dans le coll\u00e8ge ?<\/span>\u00a0<\/em><em>Je pense que oui<\/em>\u00ab\u00a0, commente Daniel en 5<sup>\u00e8me<\/sup>.<\/li>\n<li style=\"text-align: justify;\">\u200b\u00a0\u00bb<em>Moi, je trouve que \u00e7a a \u00e9t\u00e9 tr\u00e8s int\u00e9ressant, parce que les gendarmes nous ont bien expliqu\u00e9, ils nous ont mis des bons petits coups de pression. Mais c&rsquo;\u00e9tait bien quand m\u00eame, ils ont quand m\u00eame fait le d\u00e9placement pour venir nous voir. <\/em><em><span style=\"color: #3366ff;\">Penses-tu qu&rsquo;il y aura une am\u00e9lioration gr\u00e2ce\u00a0\u00e0 \u00e7a ?<\/span>\u00a0<\/em><em>Je pense que oui parce que quand m\u00eame avec \u00e7a il y a avec les petits coups de pression l\u00e0, menottes, matraques, flingues<\/em>\u00a0\u00bb commente Th\u00e9o en 5<sup>\u00e8me<\/sup>.<\/li>\n<li style=\"text-align: justify;\">\u00ab\u00a0<em>C&rsquo;\u00e9tait bien, on nous a appris des choses qu&rsquo;on ne savait pas. <\/em><em><span style=\"color: #3366ff;\">Penses-tu qu&rsquo;il y aura une am\u00e9lioration gr\u00e2ce\u00a0\u00e0 \u00e7a ?<\/span>\u00a0<\/em><em>Oui !\u00a0<\/em><em><span style=\"color: #3366ff;\">Pourquoi ?<\/span>\u00a0<\/em><em>Parce qu\u2019il y a les \u00e9l\u00e8ves de ma classe qui ont fait quelque chose sur les filles et elles ont dit qu&rsquo;elles allaient porter plainte et apr\u00e8s \u00e7a s&rsquo;est arr\u00eat\u00e9<\/em>\u00a0\u00bb commente Hadidja en 5<sup>\u00e8me<\/sup>.<\/li>\n<li style=\"text-align: justify;\">\u200b\u00a0\u00bb<em>J&rsquo;ai bien aim\u00e9, parce que \u00e7a nous a appris beaucoup de choses sur la violence familiale. Oui, je pense que le coll\u00e8ge va s&rsquo;am\u00e9lior\u00e9, mais je ne sais pas<\/em>\u00ab\u00a0, commente d&rsquo;une \u00e9l\u00e8ve de 3<sup>\u00e8me<\/sup>.<\/li>\n<li style=\"text-align: justify;\">\u200b\u00a0\u00bb<em>J&rsquo;ai trouv\u00e9 que c&rsquo;\u00e9tait bien dans l&rsquo;ensemble, surtout sur les images qu\u2019il montrait sur les atouts de Mayotte, mais \u00e0 cause de la violence ici, quand on tape sur google \u00ab\u00a0Mayotte\u00a0\u00bb, on voit quasiment que des images qui avaient un lien avec la violence \u00e0 Mayotte. Et on m&rsquo;a dit que les gendarmes \u00e0 Mayotte sont moins nombreux que ceux d&rsquo;une ville en France. Et \u00e7a m\u2019a trop int\u00e9ress\u00e9e parce que, dans les v\u0153ux que j&rsquo;ai fait pour mon futur m\u00e9tier, c&rsquo;est en premier de devenir comptable, mais avec l&rsquo;intervention de la gendarme, \u00e7a m&rsquo;a plus inspir\u00e9e \u00e0 m&rsquo;orienter sur cette voix-l\u00e0. Et j&rsquo;ai beaucoup aim\u00e9<\/em>\u00a0\u00bb commente Fleuriana en 3<sup>\u00e8me<\/sup>.<\/li>\n<li style=\"text-align: justify;\">\u200b\u00a0\u00bb<em>J&rsquo;ai beaucoup appris de cette intervention, et c&rsquo;\u00e9tait vraiment bien.\u00a0<\/em><em><span style=\"color: #3366ff;\">Penses-tu qu&rsquo;il y aura une am\u00e9lioration gr\u00e2ce\u00a0\u00e0 \u00e7a ?<\/span>\u00a0<\/em><em>Pas vraiment.\u00a0\u00bb <\/em>commente une \u00e9l\u00e8ve de 3<sup>\u00e8me<\/sup><em>.\u00a0\u00a0<\/em><\/li>\n<li style=\"text-align: justify;\">\u00ab\u00a0<em>Je pense que c&rsquo;\u00e9tait une bonne chose parce qu&rsquo;une intervention, c&rsquo;\u00e9tait ce dont nous avions besoin. Et comme vous pouvez le constater, il y avait eu une sextape d\u2019une fille. Et du coup, \u00e7a a circul\u00e9 dans le coll\u00e8ge. Et je trouve que c\u2019est bien de pr\u00e9venir les ados, et d\u2019en parler. Et \u00e7a permet d\u2019apprendre la notion de vie sexuelle. Et franchement, c&rsquo;est un truc que me tient \u00e0 c\u0153ur, la violence sexuelle qu&rsquo;il y a autour des ados. <\/em><em><span style=\"color: #3366ff;\">Penses-tu qu&rsquo;il y aura une am\u00e9lioration gr\u00e2ce\u00a0\u00e0 \u00e7a ?<\/span> J<\/em><em>&lsquo;esp\u00e8re bien, actuellement j&rsquo;ai demand\u00e9 \u00e0 notre prof principal. En fait, j&rsquo;avais fait un article sur \u00e7a, mais il m&rsquo;a dit que \u00e7a serait bien de le faire sous forme d&rsquo;affiches. Et il \u00e9tait d&rsquo;accord qu&rsquo;on l&rsquo;affiche et qu&rsquo;on le publie sur le site du coll\u00e8ge. Et je trouve que \u00e7a c&rsquo;est un truc vraiment important pour moi, la violence sexuelle. \u00c7a c&rsquo;est quelque chose qui doit \u00eatre reconnu par les enfants. En fait, on ne voit pas que nous les femmes, mais il y a notamment aussi les gar\u00e7ons, mais c&rsquo;est plus la femme qui est le plus touch\u00e9e. Et je voudrais que \u00e7a soit reconnu par tout le monde. Et que les filles, les petites filles et les femmes sachent que leurs corps leur appartiennent \u00e0 elles et \u00e0 personne d&rsquo;autres. Et du coup, je voudrais m&rsquo;ouvrir sur \u00e7a. Et c&rsquo;est un sujet tabou \u00e0 Mayotte. Et j&rsquo;esp\u00e8re que d&rsquo;ici l\u00e0, \u00e7a changera. Et je voudrais que ce sujet-l\u00e0 soit abord\u00e9 dans tous les \u00e9tablissements scolaires de Mayotte<\/em>\u00ab\u00a0, commente Anaissa de 3<sup>\u00e8me<\/sup>.<\/li>\n<li style=\"text-align: justify;\">\u00ab\u00a0<em>\u00c7a nous a donn\u00e9 des le\u00e7ons et \u00e7a s\u2019est bien pass\u00e9. Ils nous ont donn\u00e9 des conseils, dit ce qu&rsquo;il fallait faire ou pas. Et \u00e7a nous a appris \u00e0 faire attention avec les gar\u00e7ons. Et qu&rsquo;il ne faut pas insulter<\/em>\u00ab\u00a0, commente un groupe de jeunes filles de 5<sup>\u00e8me<\/sup>.<\/li>\n<\/ul>\n","protected":false},"excerpt":{"rendered":"<p>Ces deux derni\u00e8res semaines, un officier de la gendarmerie et sa coll\u00e8gue du service civique de la Maison de Protection des familles (MFP) de Mayotte, ont \u00e9t\u00e9 invit\u00e9s dans notre coll\u00e8ge, suite \u00e0 une demande de l&rsquo;\u00e9tablissement lors du dernier Comit\u00e9 d&rsquo;\u00e9ducation \u00e0 la sant\u00e9, \u00e0 la citoyennet\u00e9 et \u00e0 l&rsquo;environnement (CESCE), pour organiser des [&hellip;]<\/p>\n","protected":false},"author":1,"featured_media":0,"comment_status":"closed","ping_status":"closed","sticky":false,"template":"","format":"standard","meta":[],"categories":[6],"tags":[],"_links":{"self":[{"href":"http:\/\/www.college-chiconi.fr\/cahweb\/wp-json\/wp\/v2\/posts\/506"}],"collection":[{"href":"http:\/\/www.college-chiconi.fr\/cahweb\/wp-json\/wp\/v2\/posts"}],"about":[{"href":"http:\/\/www.college-chiconi.fr\/cahweb\/wp-json\/wp\/v2\/types\/post"}],"author":[{"embeddable":true,"href":"http:\/\/www.college-chiconi.fr\/cahweb\/wp-json\/wp\/v2\/users\/1"}],"replies":[{"embeddable":true,"href":"http:\/\/www.college-chiconi.fr\/cahweb\/wp-json\/wp\/v2\/comments?post=506"}],"version-history":[{"count":12,"href":"http:\/\/www.college-chiconi.fr\/cahweb\/wp-json\/wp\/v2\/posts\/506\/revisions"}],"predecessor-version":[{"id":519,"href":"http:\/\/www.college-chiconi.fr\/cahweb\/wp-json\/wp\/v2\/posts\/506\/revisions\/519"}],"wp:attachment":[{"href":"http:\/\/www.college-chiconi.fr\/cahweb\/wp-json\/wp\/v2\/media?parent=506"}],"wp:term":[{"taxonomy":"category","embeddable":true,"href":"http:\/\/www.college-chiconi.fr\/cahweb\/wp-json\/wp\/v2\/categories?post=506"},{"taxonomy":"post_tag","embeddable":true,"href":"http:\/\/www.college-chiconi.fr\/cahweb\/wp-json\/wp\/v2\/tags?post=506"}],"curies":[{"name":"wp","href":"https:\/\/api.w.org\/{rel}","templated":true}]}}