{"id":721,"date":"2024-03-28T19:33:29","date_gmt":"2024-03-28T16:33:29","guid":{"rendered":"https:\/\/www.college-chiconi.fr\/cahweb\/?p=721"},"modified":"2024-03-28T19:33:29","modified_gmt":"2024-03-28T16:33:29","slug":"le-prix-emi-2024-la-consecration","status":"publish","type":"post","link":"http:\/\/www.college-chiconi.fr\/cahweb\/2024\/03\/28\/le-prix-emi-2024-la-consecration\/","title":{"rendered":"Le prix EMI 2024 : la cons\u00e9cration"},"content":{"rendered":"<p style=\"text-align: justify;\"><img loading=\"lazy\" class=\" wp-image-724 alignright\" src=\"http:\/\/www.college-chiconi.fr\/cahweb\/wp-content\/uploads\/2024\/03\/assise_de_tours.png\" alt=\"\" width=\"71\" height=\"71\" srcset=\"http:\/\/www.college-chiconi.fr\/cahweb\/wp-content\/uploads\/2024\/03\/assise_de_tours.png 225w, http:\/\/www.college-chiconi.fr\/cahweb\/wp-content\/uploads\/2024\/03\/assise_de_tours-150x150.png 150w\" sizes=\"(max-width: 71px) 100vw, 71px\" \/>Mardi 26 mars 2024, le projet des classes m\u00e9dias du coll\u00e8ge Ali Halidi de Chiconi a \u00e9t\u00e9 pr\u00e9sent\u00e9 aux 17e assises internationales du journalisme de Tours, par Marion LESCUYER, \u00e9tudiante \u00e0 l&rsquo;Ecole Sup\u00e9rieure de Journalisme de Lille (ESJ Lille). 3 nomin\u00e9s pour le prestigieux prix : le lyc\u00e9e Fresnel, le lyc\u00e9e de l&rsquo;Acheul\u00e9en et le coll\u00e8ge Ali Halidi&#8230; 3 minutes pour convaincre&#8230; Pour l&rsquo;aider dans sa t\u00e2che, les \u00e9l\u00e8ves des classes m\u00e9dias, avec la contribution de leurs professeurs, ont r\u00e9alis\u00e9 une vid\u00e9o de 2 minutes, pr\u00e9sentant leur projet.<!--more--><\/p>\n<p style=\"text-align: justify;\">Dans le cadre des cord\u00e9es de la r\u00e9ussite \u00ab\u00a0la presse et les m\u00e9dias\u00a0\u00bb, Marion, Kenza, Maud, Alice, Lisa, Mia, P\u00e9n\u00e9lope, ainsi que Laurence Gaiffe, responsable op\u00e9rationnelle des projets \u00ab\u00a0Education aux m\u00e9dias et \u00e0 l&rsquo;Information\u00a0\u00bb \u00e0 l&rsquo;ESJ de Lille, ont accompagn\u00e9 les coll\u00e9giens des classes de 4e et 3e m\u00e9dias par visioconf\u00e9rence pour les aider \u00e0 travailler leurs reportages, sur des th\u00e9matiques environnementales propre \u00e0 Mayotte, en fonction de leur support (article \u00e9crit, podcast et vid\u00e9ocast). Ce tutorat a lieu pour la quatri\u00e8me ann\u00e9e.<\/p>\n<p style=\"text-align: justify;\">Apr\u00e8s d\u00e9lib\u00e9ration du jury, le coll\u00e8ge Ali Halidi, en association avec l&rsquo;ESJ de Lille, a remport\u00e9 le tant convoit\u00e9 prix EMI 2024. Cette r\u00e9compense sonne comme une reconnaissance d&rsquo;un travail de longue haleine ; celle des \u00e9l\u00e8ves des classes m\u00e9dias, anciens et actuels ; celle de l&rsquo;\u00e9quipe p\u00e9dagogique et plus largement \u00e9ducative ; celle de nos partenaires, comme l&rsquo;ESJ de Lille, ou encore Mayotte 1\u00e8re et Mayotte Hebdo, \u00e0 travers les parrains Aur\u00e9lien F\u00e9vrier et Laurent Canavate. C&rsquo;est une r\u00e9compense collective pour un projet f\u00e9d\u00e9rateur.<\/p>\n<p>&nbsp;<\/p>\n<p><center><iframe loading=\"lazy\" title=\"YouTube video player\" src=\"https:\/\/www.youtube.com\/embed\/xcDfQMQPSbM?si=Sygq4p_-rXK9QVvr\" width=\"560\" height=\"315\" frameborder=\"0\" allowfullscreen=\"allowfullscreen\"><span data-mce-type=\"bookmark\" style=\"display: inline-block; width: 0px; overflow: hidden; line-height: 0;\" class=\"mce_SELRES_start\">\ufeff<\/span><\/iframe><\/center><\/p>\n","protected":false},"excerpt":{"rendered":"<p>Mardi 26 mars 2024, le projet des classes m\u00e9dias du coll\u00e8ge Ali Halidi de Chiconi a \u00e9t\u00e9 pr\u00e9sent\u00e9 aux 17e assises internationales du journalisme de Tours, par Marion LESCUYER, \u00e9tudiante \u00e0 l&rsquo;Ecole Sup\u00e9rieure de Journalisme de Lille (ESJ Lille). 3 nomin\u00e9s pour le prestigieux prix : le lyc\u00e9e Fresnel, le lyc\u00e9e de l&rsquo;Acheul\u00e9en et le [&hellip;]<\/p>\n","protected":false},"author":1,"featured_media":0,"comment_status":"closed","ping_status":"closed","sticky":false,"template":"","format":"standard","meta":[],"categories":[6,7],"tags":[],"_links":{"self":[{"href":"http:\/\/www.college-chiconi.fr\/cahweb\/wp-json\/wp\/v2\/posts\/721"}],"collection":[{"href":"http:\/\/www.college-chiconi.fr\/cahweb\/wp-json\/wp\/v2\/posts"}],"about":[{"href":"http:\/\/www.college-chiconi.fr\/cahweb\/wp-json\/wp\/v2\/types\/post"}],"author":[{"embeddable":true,"href":"http:\/\/www.college-chiconi.fr\/cahweb\/wp-json\/wp\/v2\/users\/1"}],"replies":[{"embeddable":true,"href":"http:\/\/www.college-chiconi.fr\/cahweb\/wp-json\/wp\/v2\/comments?post=721"}],"version-history":[{"count":3,"href":"http:\/\/www.college-chiconi.fr\/cahweb\/wp-json\/wp\/v2\/posts\/721\/revisions"}],"predecessor-version":[{"id":725,"href":"http:\/\/www.college-chiconi.fr\/cahweb\/wp-json\/wp\/v2\/posts\/721\/revisions\/725"}],"wp:attachment":[{"href":"http:\/\/www.college-chiconi.fr\/cahweb\/wp-json\/wp\/v2\/media?parent=721"}],"wp:term":[{"taxonomy":"category","embeddable":true,"href":"http:\/\/www.college-chiconi.fr\/cahweb\/wp-json\/wp\/v2\/categories?post=721"},{"taxonomy":"post_tag","embeddable":true,"href":"http:\/\/www.college-chiconi.fr\/cahweb\/wp-json\/wp\/v2\/tags?post=721"}],"curies":[{"name":"wp","href":"https:\/\/api.w.org\/{rel}","templated":true}]}}